{"id":64259,"date":"2023-11-22T10:13:27","date_gmt":"2023-11-22T13:13:27","guid":{"rendered":"https:\/\/anut.org.br\/on-the-br-381-mg-concession-project\/"},"modified":"2024-09-17T16:36:49","modified_gmt":"2024-09-17T19:36:49","slug":"on-the-br-381-mg-concession-project","status":"publish","type":"post","link":"https:\/\/anut.org.br\/en\/on-the-br-381-mg-concession-project\/","title":{"rendered":"On the BR-381\/MG Concession project"},"content":{"rendered":"\n<p>ANTT and Ministry of Transportation work to reposition auction for 2024<\/p>\n\n<p><\/p>\n\n<p><\/p>\n\n<p><\/p>\n\n<p>The National Land Transport Agency (ANTT) and the Ministry of Transport report that the BR-381\/MG concession project, which was due to be auctioned off this Friday (24), has not received any bids.\nThe deadline for bidders to submit their envelopes was midday on Tuesday (21). <\/p>\n\n<p>The federal government remains determined to find a solution to modernize and adapt the capacity of BR-381.\nThis is the third attempt to auction the stretch between Belo Horizonte and Governador Valadares.\nThe previous ones took place in 2013 and 2022.  <\/p>\n\n<p>We are going to resume dialogue with the Federal Court of Auditors (TCU) in order to create the necessary conditions to make private investment viable.\nThe Ministry of Transport and ANTT are working to reposition the project and put it up for auction in the first half of 2024. <\/p>\n\n<p><br\/>Source: ANTT<\/p>\n","protected":false},"excerpt":{"rendered":"<p>ANTT and Ministry of Transportation work to reposition auction for 2024 The National Land Transport Agency (ANTT) and the Ministry of Transport report that the BR-381\/MG concession project, which was due to be auctioned off this Friday (24), has not received any bids. The deadline for bidders to submit their envelopes was midday on Tuesday [&hellip;]<\/p>\n","protected":false},"author":13,"featured_media":63450,"comment_status":"closed","ping_status":"closed","sticky":false,"template":"","format":"standard","meta":{"_acf_changed":false,"footnotes":""},"categories":[5],"tags":[],"class_list":["post-64259","post","type-post","status-publish","format-standard","has-post-thumbnail","hentry","category-nao-categorizado"],"acf":[],"yoast_head":"<!-- This site is optimized with the Yoast SEO plugin v27.4 - https:\/\/yoast.com\/product\/yoast-seo-wordpress\/ -->\n<title>On the BR-381\/MG Concession project - ANUT<\/title>\n<meta name=\"robots\" content=\"index, follow, max-snippet:-1, max-image-preview:large, max-video-preview:-1\" \/>\n<link rel=\"canonical\" href=\"https:\/\/anut.org.br\/en\/on-the-br-381-mg-concession-project\/\" \/>\n<meta property=\"og:locale\" content=\"en_US\" \/>\n<meta property=\"og:type\" content=\"article\" \/>\n<meta property=\"og:title\" content=\"On the BR-381\/MG Concession project - ANUT\" \/>\n<meta property=\"og:description\" content=\"ANTT and Ministry of Transportation work to reposition auction for 2024 The National Land Transport Agency (ANTT) and the Ministry of Transport report that the BR-381\/MG concession project, which was due to be auctioned off this Friday (24), has not received any bids. The deadline for bidders to submit their envelopes was midday on Tuesday [&hellip;]\" \/>\n<meta property=\"og:url\" content=\"https:\/\/anut.org.br\/en\/on-the-br-381-mg-concession-project\/\" \/>\n<meta property=\"og:site_name\" content=\"ANUT\" \/>\n<meta property=\"article:published_time\" content=\"2023-11-22T13:13:27+00:00\" \/>\n<meta property=\"article:modified_time\" content=\"2024-09-17T19:36:49+00:00\" \/>\n<meta property=\"og:image\" content=\"https:\/\/anut.org.br\/wp-content\/uploads\/2023\/11\/381.png\" \/>\n\t<meta property=\"og:image:width\" content=\"768\" \/>\n\t<meta property=\"og:image:height\" content=\"354\" \/>\n\t<meta property=\"og:image:type\" content=\"image\/png\" \/>\n<meta name=\"author\" content=\"Christian\" \/>\n<meta name=\"twitter:card\" content=\"summary_large_image\" \/>\n<meta name=\"twitter:label1\" content=\"Written by\" \/>\n\t<meta name=\"twitter:data1\" content=\"Christian\" \/>\n\t<meta name=\"twitter:label2\" content=\"Est. reading time\" \/>\n\t<meta name=\"twitter:data2\" content=\"1 minute\" \/>\n<script type=\"application\/ld+json\" class=\"yoast-schema-graph\">{\"@context\":\"https:\\\/\\\/schema.org\",\"@graph\":[{\"@type\":\"Article\",\"@id\":\"https:\\\/\\\/anut.org.br\\\/en\\\/on-the-br-381-mg-concession-project\\\/#article\",\"isPartOf\":{\"@id\":\"https:\\\/\\\/anut.org.br\\\/en\\\/on-the-br-381-mg-concession-project\\\/\"},\"author\":{\"name\":\"Christian\",\"@id\":\"https:\\\/\\\/anut.org.br\\\/en\\\/#\\\/schema\\\/person\\\/75083ba47b86f4c664d0675895ec873e\"},\"headline\":\"On the BR-381\\\/MG Concession project\",\"datePublished\":\"2023-11-22T13:13:27+00:00\",\"dateModified\":\"2024-09-17T19:36:49+00:00\",\"mainEntityOfPage\":{\"@id\":\"https:\\\/\\\/anut.org.br\\\/en\\\/on-the-br-381-mg-concession-project\\\/\"},\"wordCount\":149,\"publisher\":{\"@id\":\"https:\\\/\\\/anut.org.br\\\/en\\\/#organization\"},\"image\":{\"@id\":\"https:\\\/\\\/anut.org.br\\\/en\\\/on-the-br-381-mg-concession-project\\\/#primaryimage\"},\"thumbnailUrl\":\"https:\\\/\\\/anut.org.br\\\/wp-content\\\/uploads\\\/2023\\\/11\\\/381.png\",\"articleSection\":[\"N\u00e3o categorizado\"],\"inLanguage\":\"en-US\"},{\"@type\":\"WebPage\",\"@id\":\"https:\\\/\\\/anut.org.br\\\/en\\\/on-the-br-381-mg-concession-project\\\/\",\"url\":\"https:\\\/\\\/anut.org.br\\\/en\\\/on-the-br-381-mg-concession-project\\\/\",\"name\":\"On the BR-381\\\/MG Concession project - ANUT\",\"isPartOf\":{\"@id\":\"https:\\\/\\\/anut.org.br\\\/en\\\/#website\"},\"primaryImageOfPage\":{\"@id\":\"https:\\\/\\\/anut.org.br\\\/en\\\/on-the-br-381-mg-concession-project\\\/#primaryimage\"},\"image\":{\"@id\":\"https:\\\/\\\/anut.org.br\\\/en\\\/on-the-br-381-mg-concession-project\\\/#primaryimage\"},\"thumbnailUrl\":\"https:\\\/\\\/anut.org.br\\\/wp-content\\\/uploads\\\/2023\\\/11\\\/381.png\",\"datePublished\":\"2023-11-22T13:13:27+00:00\",\"dateModified\":\"2024-09-17T19:36:49+00:00\",\"breadcrumb\":{\"@id\":\"https:\\\/\\\/anut.org.br\\\/en\\\/on-the-br-381-mg-concession-project\\\/#breadcrumb\"},\"inLanguage\":\"en-US\",\"potentialAction\":[{\"@type\":\"ReadAction\",\"target\":[\"https:\\\/\\\/anut.org.br\\\/en\\\/on-the-br-381-mg-concession-project\\\/\"]}]},{\"@type\":\"ImageObject\",\"inLanguage\":\"en-US\",\"@id\":\"https:\\\/\\\/anut.org.br\\\/en\\\/on-the-br-381-mg-concession-project\\\/#primaryimage\",\"url\":\"https:\\\/\\\/anut.org.br\\\/wp-content\\\/uploads\\\/2023\\\/11\\\/381.png\",\"contentUrl\":\"https:\\\/\\\/anut.org.br\\\/wp-content\\\/uploads\\\/2023\\\/11\\\/381.png\",\"width\":768,\"height\":354},{\"@type\":\"BreadcrumbList\",\"@id\":\"https:\\\/\\\/anut.org.br\\\/en\\\/on-the-br-381-mg-concession-project\\\/#breadcrumb\",\"itemListElement\":[{\"@type\":\"ListItem\",\"position\":1,\"name\":\"In\u00edcio\",\"item\":\"https:\\\/\\\/anut.org.br\\\/en\\\/?page_id=63977\"},{\"@type\":\"ListItem\",\"position\":2,\"name\":\"On the BR-381\\\/MG Concession project\"}]},{\"@type\":\"WebSite\",\"@id\":\"https:\\\/\\\/anut.org.br\\\/en\\\/#website\",\"url\":\"https:\\\/\\\/anut.org.br\\\/en\\\/\",\"name\":\"ANUT\",\"description\":\"Associa\u00e7\u00e3o Nacional dos Usu\u00e1rios do Transporte de Carga\",\"publisher\":{\"@id\":\"https:\\\/\\\/anut.org.br\\\/en\\\/#organization\"},\"potentialAction\":[{\"@type\":\"SearchAction\",\"target\":{\"@type\":\"EntryPoint\",\"urlTemplate\":\"https:\\\/\\\/anut.org.br\\\/en\\\/?s={search_term_string}\"},\"query-input\":{\"@type\":\"PropertyValueSpecification\",\"valueRequired\":true,\"valueName\":\"search_term_string\"}}],\"inLanguage\":\"en-US\"},{\"@type\":\"Organization\",\"@id\":\"https:\\\/\\\/anut.org.br\\\/en\\\/#organization\",\"name\":\"ANUT\",\"url\":\"https:\\\/\\\/anut.org.br\\\/en\\\/\",\"logo\":{\"@type\":\"ImageObject\",\"inLanguage\":\"en-US\",\"@id\":\"https:\\\/\\\/anut.org.br\\\/en\\\/#\\\/schema\\\/logo\\\/image\\\/\",\"url\":\"https:\\\/\\\/anut.org.br\\\/wp-content\\\/uploads\\\/2022\\\/02\\\/cropped-Anut-Logotipo.png\",\"contentUrl\":\"https:\\\/\\\/anut.org.br\\\/wp-content\\\/uploads\\\/2022\\\/02\\\/cropped-Anut-Logotipo.png\",\"width\":595,\"height\":184,\"caption\":\"ANUT\"},\"image\":{\"@id\":\"https:\\\/\\\/anut.org.br\\\/en\\\/#\\\/schema\\\/logo\\\/image\\\/\"}},{\"@type\":\"Person\",\"@id\":\"https:\\\/\\\/anut.org.br\\\/en\\\/#\\\/schema\\\/person\\\/75083ba47b86f4c664d0675895ec873e\",\"name\":\"Christian\",\"url\":\"https:\\\/\\\/anut.org.br\\\/en\\\/author\\\/christian\\\/\"}]}<\/script>\n<!-- \/ Yoast SEO plugin. -->","yoast_head_json":{"title":"On the BR-381\/MG Concession project - ANUT","robots":{"index":"index","follow":"follow","max-snippet":"max-snippet:-1","max-image-preview":"max-image-preview:large","max-video-preview":"max-video-preview:-1"},"canonical":"https:\/\/anut.org.br\/en\/on-the-br-381-mg-concession-project\/","og_locale":"en_US","og_type":"article","og_title":"On the BR-381\/MG Concession project - ANUT","og_description":"ANTT and Ministry of Transportation work to reposition auction for 2024 The National Land Transport Agency (ANTT) and the Ministry of Transport report that the BR-381\/MG concession project, which was due to be auctioned off this Friday (24), has not received any bids. The deadline for bidders to submit their envelopes was midday on Tuesday [&hellip;]","og_url":"https:\/\/anut.org.br\/en\/on-the-br-381-mg-concession-project\/","og_site_name":"ANUT","article_published_time":"2023-11-22T13:13:27+00:00","article_modified_time":"2024-09-17T19:36:49+00:00","og_image":[{"width":768,"height":354,"url":"https:\/\/anut.org.br\/wp-content\/uploads\/2023\/11\/381.png","type":"image\/png"}],"author":"Christian","twitter_card":"summary_large_image","twitter_misc":{"Written by":"Christian","Est. reading time":"1 minute"},"schema":{"@context":"https:\/\/schema.org","@graph":[{"@type":"Article","@id":"https:\/\/anut.org.br\/en\/on-the-br-381-mg-concession-project\/#article","isPartOf":{"@id":"https:\/\/anut.org.br\/en\/on-the-br-381-mg-concession-project\/"},"author":{"name":"Christian","@id":"https:\/\/anut.org.br\/en\/#\/schema\/person\/75083ba47b86f4c664d0675895ec873e"},"headline":"On the BR-381\/MG Concession project","datePublished":"2023-11-22T13:13:27+00:00","dateModified":"2024-09-17T19:36:49+00:00","mainEntityOfPage":{"@id":"https:\/\/anut.org.br\/en\/on-the-br-381-mg-concession-project\/"},"wordCount":149,"publisher":{"@id":"https:\/\/anut.org.br\/en\/#organization"},"image":{"@id":"https:\/\/anut.org.br\/en\/on-the-br-381-mg-concession-project\/#primaryimage"},"thumbnailUrl":"https:\/\/anut.org.br\/wp-content\/uploads\/2023\/11\/381.png","articleSection":["N\u00e3o categorizado"],"inLanguage":"en-US"},{"@type":"WebPage","@id":"https:\/\/anut.org.br\/en\/on-the-br-381-mg-concession-project\/","url":"https:\/\/anut.org.br\/en\/on-the-br-381-mg-concession-project\/","name":"On the BR-381\/MG Concession project - ANUT","isPartOf":{"@id":"https:\/\/anut.org.br\/en\/#website"},"primaryImageOfPage":{"@id":"https:\/\/anut.org.br\/en\/on-the-br-381-mg-concession-project\/#primaryimage"},"image":{"@id":"https:\/\/anut.org.br\/en\/on-the-br-381-mg-concession-project\/#primaryimage"},"thumbnailUrl":"https:\/\/anut.org.br\/wp-content\/uploads\/2023\/11\/381.png","datePublished":"2023-11-22T13:13:27+00:00","dateModified":"2024-09-17T19:36:49+00:00","breadcrumb":{"@id":"https:\/\/anut.org.br\/en\/on-the-br-381-mg-concession-project\/#breadcrumb"},"inLanguage":"en-US","potentialAction":[{"@type":"ReadAction","target":["https:\/\/anut.org.br\/en\/on-the-br-381-mg-concession-project\/"]}]},{"@type":"ImageObject","inLanguage":"en-US","@id":"https:\/\/anut.org.br\/en\/on-the-br-381-mg-concession-project\/#primaryimage","url":"https:\/\/anut.org.br\/wp-content\/uploads\/2023\/11\/381.png","contentUrl":"https:\/\/anut.org.br\/wp-content\/uploads\/2023\/11\/381.png","width":768,"height":354},{"@type":"BreadcrumbList","@id":"https:\/\/anut.org.br\/en\/on-the-br-381-mg-concession-project\/#breadcrumb","itemListElement":[{"@type":"ListItem","position":1,"name":"In\u00edcio","item":"https:\/\/anut.org.br\/en\/?page_id=63977"},{"@type":"ListItem","position":2,"name":"On the BR-381\/MG Concession project"}]},{"@type":"WebSite","@id":"https:\/\/anut.org.br\/en\/#website","url":"https:\/\/anut.org.br\/en\/","name":"ANUT","description":"Associa\u00e7\u00e3o Nacional dos Usu\u00e1rios do Transporte de Carga","publisher":{"@id":"https:\/\/anut.org.br\/en\/#organization"},"potentialAction":[{"@type":"SearchAction","target":{"@type":"EntryPoint","urlTemplate":"https:\/\/anut.org.br\/en\/?s={search_term_string}"},"query-input":{"@type":"PropertyValueSpecification","valueRequired":true,"valueName":"search_term_string"}}],"inLanguage":"en-US"},{"@type":"Organization","@id":"https:\/\/anut.org.br\/en\/#organization","name":"ANUT","url":"https:\/\/anut.org.br\/en\/","logo":{"@type":"ImageObject","inLanguage":"en-US","@id":"https:\/\/anut.org.br\/en\/#\/schema\/logo\/image\/","url":"https:\/\/anut.org.br\/wp-content\/uploads\/2022\/02\/cropped-Anut-Logotipo.png","contentUrl":"https:\/\/anut.org.br\/wp-content\/uploads\/2022\/02\/cropped-Anut-Logotipo.png","width":595,"height":184,"caption":"ANUT"},"image":{"@id":"https:\/\/anut.org.br\/en\/#\/schema\/logo\/image\/"}},{"@type":"Person","@id":"https:\/\/anut.org.br\/en\/#\/schema\/person\/75083ba47b86f4c664d0675895ec873e","name":"Christian","url":"https:\/\/anut.org.br\/en\/author\/christian\/"}]}},"_links":{"self":[{"href":"https:\/\/anut.org.br\/en\/wp-json\/wp\/v2\/posts\/64259","targetHints":{"allow":["GET"]}}],"collection":[{"href":"https:\/\/anut.org.br\/en\/wp-json\/wp\/v2\/posts"}],"about":[{"href":"https:\/\/anut.org.br\/en\/wp-json\/wp\/v2\/types\/post"}],"author":[{"embeddable":true,"href":"https:\/\/anut.org.br\/en\/wp-json\/wp\/v2\/users\/13"}],"replies":[{"embeddable":true,"href":"https:\/\/anut.org.br\/en\/wp-json\/wp\/v2\/comments?post=64259"}],"version-history":[{"count":2,"href":"https:\/\/anut.org.br\/en\/wp-json\/wp\/v2\/posts\/64259\/revisions"}],"predecessor-version":[{"id":64264,"href":"https:\/\/anut.org.br\/en\/wp-json\/wp\/v2\/posts\/64259\/revisions\/64264"}],"wp:featuredmedia":[{"embeddable":true,"href":"https:\/\/anut.org.br\/en\/wp-json\/wp\/v2\/media\/63450"}],"wp:attachment":[{"href":"https:\/\/anut.org.br\/en\/wp-json\/wp\/v2\/media?parent=64259"}],"wp:term":[{"taxonomy":"category","embeddable":true,"href":"https:\/\/anut.org.br\/en\/wp-json\/wp\/v2\/categories?post=64259"},{"taxonomy":"post_tag","embeddable":true,"href":"https:\/\/anut.org.br\/en\/wp-json\/wp\/v2\/tags?post=64259"}],"curies":[{"name":"wp","href":"https:\/\/api.w.org\/{rel}","templated":true}]}}