{"id":64255,"date":"2024-01-12T10:17:53","date_gmt":"2024-01-12T13:17:53","guid":{"rendered":"https:\/\/anut.org.br\/antt-and-ministry-of-transportation-announce-increase-in-concessions-for-2024\/"},"modified":"2024-09-17T16:36:49","modified_gmt":"2024-09-17T19:36:49","slug":"antt-and-ministry-of-transportation-announce-increase-in-concessions-for-2024","status":"publish","type":"post","link":"https:\/\/anut.org.br\/en\/antt-and-ministry-of-transportation-announce-increase-in-concessions-for-2024\/","title":{"rendered":"ANTT and Ministry of Transportation announce increase in concessions for 2024"},"content":{"rendered":"\n<p>For the Director General, Rafael Vitale, holding more auctions will promote the development of infrastructure and increase social and economic benefits<\/p>\n\n<p> <a class=\"\" href=\"http:\/\/www.facebook.com\/sharer.php?u=https:\/\/www.gov.br\/antt\/pt-br\/assuntos\/ultimas-noticias\/antt-e-ministerio-dos-transportes-anunciam-aumento-de-concessoes-para-2024-1\"> <\/a><\/p>\n\n<p><img fetchpriority=\"high\" decoding=\"async\" src=\"https:\/\/www.gov.br\/antt\/pt-br\/assuntos\/ultimas-noticias\/antt-e-ministerio-dos-transportes-anunciam-aumento-de-concessoes-para-2024-1\/balanco-antt-min-transportes.jpg\/@@images\/d2d2b0de-c9f2-46ac-8665-1b056856550b.jpeg\" alt=\"ANTT and Ministry of Transportation announce increase in concessions for 2024\" height=\"354\" width=\"768\"\/><\/p>\n\n<p>Photo: Disclosure<\/p>\n\n<p>The year 2023 closed with a positive balance for the recovery and development of land transportation in the country.\nThis success paves the way for even more expressive results this year, according to data presented on Wednesday (10\/01) during a press conference held by the Ministry of Transport in Brasilia.   <\/p>\n\n<p>The Director General of the National Land Transport Agency (ANTT), Rafael Vitale, highlighted the synergy with government bodies to further leverage solutions for the development of transport infrastructure for the year 2024.\n&#8220;The ANTT is committed and in agreement with the other bodies involved, such as the Ministry of Transport, Infra S.A., the Federal Court of Auditors and Ibama, to carry out the planned auctions and promote the development of infrastructure, guarantee jobs and accelerate the economy,&#8221; he said. <\/p>\n\n<p>According to the data presented, the optimization of highway contracts amounts to R$110 billion in investments.\nThis year, for example, Brazil plans to carry out 13 concessions (see the table below) in the area of land transport, attracting around R$122 billion for the necessary investments in the areas of highways and railroads. <\/p>\n\n<p><strong><a href=\"https:\/\/www.gov.br\/transportes\/pt-br\/assuntos\/noticias\/2024\/imagens\/apresentacao-balanco_2023-ministro-1.pdf\/@@download\/file\"><\/a><a href=\"https:\/\/www.gov.br\/transportes\/pt-br\/assuntos\/noticias\/2024\/imagens\/apresentacao-balanco_2023-ministro-1.pdf\/@@download\/file\">Download the presentation<\/a><\/strong><\/p>\n\n<figure class=\"wp-block-table\"><table><tbody><tr><td colspan=\"2\">ROAD CONCESSIONS PLANNED FOR 2024<\/td><\/tr><tr><td>BR-040\/MG | BH &#8211; Juiz de Fora  <\/td><td>BR-381\/MG | BH &#8211; Valadares<\/td><\/tr><tr><td>BR-364\/GO\/MT | Rio Verde (GO) Rondon\u00f3polis (MT)<\/td><td>BRs-153\/262\/GO\/MG<\/td><\/tr><tr><td>BR-040\/MG\/GO | Belo Horizonte (MG) &#8211; Cristalina (GO)<\/td><td>BR-262\/MG | Uberaba &#8211; Betim<\/td><\/tr><tr><td>BRs-070\/174\/364\/MT\/RO Vilhena (RO)-Cuiab\u00e1 (MT)<\/td><td>BR-040\/MG\/RJ | Juiz de Fora (MG) &#8211; Rio de Janeiro (RJ)<\/td><\/tr><tr><td>BRs-060\/452\/GO | Rio Verde &#8211; Goi\u00e2nia &#8211; Itumbiara<\/td><td>BRs-369\/373\/376\/PR and PRs-170\/232\/445\/090Lot 3 in Paran\u00e1<\/td><\/tr><tr><td>BR-364\/RO Porto Velho &#8211; Vilhena<\/td><td>BRs-163\/277\/PR and PRs-158\/180\/182\/280\/483Paran\u00e1 Lot 6<\/td><\/tr><tr><td>\u00a0<\/td><td>GOs-020\/060\/070\/080<\/td><\/tr><\/tbody><\/table><\/figure>\n\n<p>The positive balance was celebrated by the Minister of Transport, Renan Filho, who during the meeting also thanked the Director General of ANTT for his dedication, as well as the entire collegiate board and staff of the Agency.\n&#8220;In 2023, we increased investments, improved the road network, as well as strengthening the conditions for increasing the contribution of private resources in Brazil, with the possibility of optimizations and auctions that will dialogue more with the needs of our infrastructure,&#8221; he said. <\/p>\n\n<p><em>Source: ANTT<\/em><\/p>\n\n<p><\/p>\n","protected":false},"excerpt":{"rendered":"<p>For the Director General, Rafael Vitale, holding more auctions will promote the development of infrastructure and increase social and economic benefits Photo: Disclosure The year 2023 closed with a positive balance for the recovery and development of land transportation in the country. This success paves the way for even more expressive results this year, according [&hellip;]<\/p>\n","protected":false},"author":13,"featured_media":0,"comment_status":"closed","ping_status":"closed","sticky":false,"template":"","format":"standard","meta":{"_acf_changed":false,"footnotes":""},"categories":[5],"tags":[],"class_list":["post-64255","post","type-post","status-publish","format-standard","hentry","category-nao-categorizado"],"acf":[],"yoast_head":"<!-- This site is optimized with the Yoast SEO plugin v27.4 - https:\/\/yoast.com\/product\/yoast-seo-wordpress\/ -->\n<title>ANTT and Ministry of Transportation announce increase in concessions for 2024 - ANUT<\/title>\n<meta name=\"robots\" content=\"index, follow, max-snippet:-1, max-image-preview:large, max-video-preview:-1\" \/>\n<link rel=\"canonical\" href=\"https:\/\/anut.org.br\/en\/antt-and-ministry-of-transportation-announce-increase-in-concessions-for-2024\/\" \/>\n<meta property=\"og:locale\" content=\"en_US\" \/>\n<meta property=\"og:type\" content=\"article\" \/>\n<meta property=\"og:title\" content=\"ANTT and Ministry of Transportation announce increase in concessions for 2024 - ANUT\" \/>\n<meta property=\"og:description\" content=\"For the Director General, Rafael Vitale, holding more auctions will promote the development of infrastructure and increase social and economic benefits Photo: Disclosure The year 2023 closed with a positive balance for the recovery and development of land transportation in the country. This success paves the way for even more expressive results this year, according [&hellip;]\" \/>\n<meta property=\"og:url\" content=\"https:\/\/anut.org.br\/en\/antt-and-ministry-of-transportation-announce-increase-in-concessions-for-2024\/\" \/>\n<meta property=\"og:site_name\" content=\"ANUT\" \/>\n<meta property=\"article:published_time\" content=\"2024-01-12T13:17:53+00:00\" \/>\n<meta property=\"article:modified_time\" content=\"2024-09-17T19:36:49+00:00\" \/>\n<meta property=\"og:image\" content=\"https:\/\/www.gov.br\/antt\/pt-br\/assuntos\/ultimas-noticias\/antt-e-ministerio-dos-transportes-anunciam-aumento-de-concessoes-para-2024-1\/balanco-antt-min-transportes.jpg\/@@images\/d2d2b0de-c9f2-46ac-8665-1b056856550b.jpeg\" \/>\n<meta name=\"author\" content=\"Christian\" \/>\n<meta name=\"twitter:card\" content=\"summary_large_image\" \/>\n<meta name=\"twitter:label1\" content=\"Written by\" \/>\n\t<meta name=\"twitter:data1\" content=\"Christian\" \/>\n\t<meta name=\"twitter:label2\" content=\"Est. reading time\" \/>\n\t<meta name=\"twitter:data2\" content=\"2 minutes\" \/>\n<script type=\"application\/ld+json\" class=\"yoast-schema-graph\">{\"@context\":\"https:\\\/\\\/schema.org\",\"@graph\":[{\"@type\":\"Article\",\"@id\":\"https:\\\/\\\/anut.org.br\\\/en\\\/antt-and-ministry-of-transportation-announce-increase-in-concessions-for-2024\\\/#article\",\"isPartOf\":{\"@id\":\"https:\\\/\\\/anut.org.br\\\/en\\\/antt-and-ministry-of-transportation-announce-increase-in-concessions-for-2024\\\/\"},\"author\":{\"name\":\"Christian\",\"@id\":\"https:\\\/\\\/anut.org.br\\\/en\\\/#\\\/schema\\\/person\\\/75083ba47b86f4c664d0675895ec873e\"},\"headline\":\"ANTT and Ministry of Transportation announce increase in concessions for 2024\",\"datePublished\":\"2024-01-12T13:17:53+00:00\",\"dateModified\":\"2024-09-17T19:36:49+00:00\",\"mainEntityOfPage\":{\"@id\":\"https:\\\/\\\/anut.org.br\\\/en\\\/antt-and-ministry-of-transportation-announce-increase-in-concessions-for-2024\\\/\"},\"wordCount\":386,\"publisher\":{\"@id\":\"https:\\\/\\\/anut.org.br\\\/en\\\/#organization\"},\"image\":{\"@id\":\"https:\\\/\\\/anut.org.br\\\/en\\\/antt-and-ministry-of-transportation-announce-increase-in-concessions-for-2024\\\/#primaryimage\"},\"thumbnailUrl\":\"https:\\\/\\\/www.gov.br\\\/antt\\\/pt-br\\\/assuntos\\\/ultimas-noticias\\\/antt-e-ministerio-dos-transportes-anunciam-aumento-de-concessoes-para-2024-1\\\/balanco-antt-min-transportes.jpg\\\/@@images\\\/d2d2b0de-c9f2-46ac-8665-1b056856550b.jpeg\",\"articleSection\":[\"N\u00e3o categorizado\"],\"inLanguage\":\"en-US\"},{\"@type\":\"WebPage\",\"@id\":\"https:\\\/\\\/anut.org.br\\\/en\\\/antt-and-ministry-of-transportation-announce-increase-in-concessions-for-2024\\\/\",\"url\":\"https:\\\/\\\/anut.org.br\\\/en\\\/antt-and-ministry-of-transportation-announce-increase-in-concessions-for-2024\\\/\",\"name\":\"ANTT and Ministry of Transportation announce increase in concessions for 2024 - ANUT\",\"isPartOf\":{\"@id\":\"https:\\\/\\\/anut.org.br\\\/en\\\/#website\"},\"primaryImageOfPage\":{\"@id\":\"https:\\\/\\\/anut.org.br\\\/en\\\/antt-and-ministry-of-transportation-announce-increase-in-concessions-for-2024\\\/#primaryimage\"},\"image\":{\"@id\":\"https:\\\/\\\/anut.org.br\\\/en\\\/antt-and-ministry-of-transportation-announce-increase-in-concessions-for-2024\\\/#primaryimage\"},\"thumbnailUrl\":\"https:\\\/\\\/www.gov.br\\\/antt\\\/pt-br\\\/assuntos\\\/ultimas-noticias\\\/antt-e-ministerio-dos-transportes-anunciam-aumento-de-concessoes-para-2024-1\\\/balanco-antt-min-transportes.jpg\\\/@@images\\\/d2d2b0de-c9f2-46ac-8665-1b056856550b.jpeg\",\"datePublished\":\"2024-01-12T13:17:53+00:00\",\"dateModified\":\"2024-09-17T19:36:49+00:00\",\"breadcrumb\":{\"@id\":\"https:\\\/\\\/anut.org.br\\\/en\\\/antt-and-ministry-of-transportation-announce-increase-in-concessions-for-2024\\\/#breadcrumb\"},\"inLanguage\":\"en-US\",\"potentialAction\":[{\"@type\":\"ReadAction\",\"target\":[\"https:\\\/\\\/anut.org.br\\\/en\\\/antt-and-ministry-of-transportation-announce-increase-in-concessions-for-2024\\\/\"]}]},{\"@type\":\"ImageObject\",\"inLanguage\":\"en-US\",\"@id\":\"https:\\\/\\\/anut.org.br\\\/en\\\/antt-and-ministry-of-transportation-announce-increase-in-concessions-for-2024\\\/#primaryimage\",\"url\":\"https:\\\/\\\/www.gov.br\\\/antt\\\/pt-br\\\/assuntos\\\/ultimas-noticias\\\/antt-e-ministerio-dos-transportes-anunciam-aumento-de-concessoes-para-2024-1\\\/balanco-antt-min-transportes.jpg\\\/@@images\\\/d2d2b0de-c9f2-46ac-8665-1b056856550b.jpeg\",\"contentUrl\":\"https:\\\/\\\/www.gov.br\\\/antt\\\/pt-br\\\/assuntos\\\/ultimas-noticias\\\/antt-e-ministerio-dos-transportes-anunciam-aumento-de-concessoes-para-2024-1\\\/balanco-antt-min-transportes.jpg\\\/@@images\\\/d2d2b0de-c9f2-46ac-8665-1b056856550b.jpeg\"},{\"@type\":\"BreadcrumbList\",\"@id\":\"https:\\\/\\\/anut.org.br\\\/en\\\/antt-and-ministry-of-transportation-announce-increase-in-concessions-for-2024\\\/#breadcrumb\",\"itemListElement\":[{\"@type\":\"ListItem\",\"position\":1,\"name\":\"In\u00edcio\",\"item\":\"https:\\\/\\\/anut.org.br\\\/en\\\/?page_id=63977\"},{\"@type\":\"ListItem\",\"position\":2,\"name\":\"ANTT and Ministry of Transportation announce increase in concessions for 2024\"}]},{\"@type\":\"WebSite\",\"@id\":\"https:\\\/\\\/anut.org.br\\\/en\\\/#website\",\"url\":\"https:\\\/\\\/anut.org.br\\\/en\\\/\",\"name\":\"ANUT\",\"description\":\"Associa\u00e7\u00e3o Nacional dos Usu\u00e1rios do Transporte de Carga\",\"publisher\":{\"@id\":\"https:\\\/\\\/anut.org.br\\\/en\\\/#organization\"},\"potentialAction\":[{\"@type\":\"SearchAction\",\"target\":{\"@type\":\"EntryPoint\",\"urlTemplate\":\"https:\\\/\\\/anut.org.br\\\/en\\\/?s={search_term_string}\"},\"query-input\":{\"@type\":\"PropertyValueSpecification\",\"valueRequired\":true,\"valueName\":\"search_term_string\"}}],\"inLanguage\":\"en-US\"},{\"@type\":\"Organization\",\"@id\":\"https:\\\/\\\/anut.org.br\\\/en\\\/#organization\",\"name\":\"ANUT\",\"url\":\"https:\\\/\\\/anut.org.br\\\/en\\\/\",\"logo\":{\"@type\":\"ImageObject\",\"inLanguage\":\"en-US\",\"@id\":\"https:\\\/\\\/anut.org.br\\\/en\\\/#\\\/schema\\\/logo\\\/image\\\/\",\"url\":\"https:\\\/\\\/anut.org.br\\\/wp-content\\\/uploads\\\/2022\\\/02\\\/cropped-Anut-Logotipo.png\",\"contentUrl\":\"https:\\\/\\\/anut.org.br\\\/wp-content\\\/uploads\\\/2022\\\/02\\\/cropped-Anut-Logotipo.png\",\"width\":595,\"height\":184,\"caption\":\"ANUT\"},\"image\":{\"@id\":\"https:\\\/\\\/anut.org.br\\\/en\\\/#\\\/schema\\\/logo\\\/image\\\/\"}},{\"@type\":\"Person\",\"@id\":\"https:\\\/\\\/anut.org.br\\\/en\\\/#\\\/schema\\\/person\\\/75083ba47b86f4c664d0675895ec873e\",\"name\":\"Christian\",\"url\":\"https:\\\/\\\/anut.org.br\\\/en\\\/author\\\/christian\\\/\"}]}<\/script>\n<!-- \/ Yoast SEO plugin. -->","yoast_head_json":{"title":"ANTT and Ministry of Transportation announce increase in concessions for 2024 - ANUT","robots":{"index":"index","follow":"follow","max-snippet":"max-snippet:-1","max-image-preview":"max-image-preview:large","max-video-preview":"max-video-preview:-1"},"canonical":"https:\/\/anut.org.br\/en\/antt-and-ministry-of-transportation-announce-increase-in-concessions-for-2024\/","og_locale":"en_US","og_type":"article","og_title":"ANTT and Ministry of Transportation announce increase in concessions for 2024 - ANUT","og_description":"For the Director General, Rafael Vitale, holding more auctions will promote the development of infrastructure and increase social and economic benefits Photo: Disclosure The year 2023 closed with a positive balance for the recovery and development of land transportation in the country. This success paves the way for even more expressive results this year, according [&hellip;]","og_url":"https:\/\/anut.org.br\/en\/antt-and-ministry-of-transportation-announce-increase-in-concessions-for-2024\/","og_site_name":"ANUT","article_published_time":"2024-01-12T13:17:53+00:00","article_modified_time":"2024-09-17T19:36:49+00:00","og_image":[{"url":"https:\/\/www.gov.br\/antt\/pt-br\/assuntos\/ultimas-noticias\/antt-e-ministerio-dos-transportes-anunciam-aumento-de-concessoes-para-2024-1\/balanco-antt-min-transportes.jpg\/@@images\/d2d2b0de-c9f2-46ac-8665-1b056856550b.jpeg","type":"","width":"","height":""}],"author":"Christian","twitter_card":"summary_large_image","twitter_misc":{"Written by":"Christian","Est. reading time":"2 minutes"},"schema":{"@context":"https:\/\/schema.org","@graph":[{"@type":"Article","@id":"https:\/\/anut.org.br\/en\/antt-and-ministry-of-transportation-announce-increase-in-concessions-for-2024\/#article","isPartOf":{"@id":"https:\/\/anut.org.br\/en\/antt-and-ministry-of-transportation-announce-increase-in-concessions-for-2024\/"},"author":{"name":"Christian","@id":"https:\/\/anut.org.br\/en\/#\/schema\/person\/75083ba47b86f4c664d0675895ec873e"},"headline":"ANTT and Ministry of Transportation announce increase in concessions for 2024","datePublished":"2024-01-12T13:17:53+00:00","dateModified":"2024-09-17T19:36:49+00:00","mainEntityOfPage":{"@id":"https:\/\/anut.org.br\/en\/antt-and-ministry-of-transportation-announce-increase-in-concessions-for-2024\/"},"wordCount":386,"publisher":{"@id":"https:\/\/anut.org.br\/en\/#organization"},"image":{"@id":"https:\/\/anut.org.br\/en\/antt-and-ministry-of-transportation-announce-increase-in-concessions-for-2024\/#primaryimage"},"thumbnailUrl":"https:\/\/www.gov.br\/antt\/pt-br\/assuntos\/ultimas-noticias\/antt-e-ministerio-dos-transportes-anunciam-aumento-de-concessoes-para-2024-1\/balanco-antt-min-transportes.jpg\/@@images\/d2d2b0de-c9f2-46ac-8665-1b056856550b.jpeg","articleSection":["N\u00e3o categorizado"],"inLanguage":"en-US"},{"@type":"WebPage","@id":"https:\/\/anut.org.br\/en\/antt-and-ministry-of-transportation-announce-increase-in-concessions-for-2024\/","url":"https:\/\/anut.org.br\/en\/antt-and-ministry-of-transportation-announce-increase-in-concessions-for-2024\/","name":"ANTT and Ministry of Transportation announce increase in concessions for 2024 - ANUT","isPartOf":{"@id":"https:\/\/anut.org.br\/en\/#website"},"primaryImageOfPage":{"@id":"https:\/\/anut.org.br\/en\/antt-and-ministry-of-transportation-announce-increase-in-concessions-for-2024\/#primaryimage"},"image":{"@id":"https:\/\/anut.org.br\/en\/antt-and-ministry-of-transportation-announce-increase-in-concessions-for-2024\/#primaryimage"},"thumbnailUrl":"https:\/\/www.gov.br\/antt\/pt-br\/assuntos\/ultimas-noticias\/antt-e-ministerio-dos-transportes-anunciam-aumento-de-concessoes-para-2024-1\/balanco-antt-min-transportes.jpg\/@@images\/d2d2b0de-c9f2-46ac-8665-1b056856550b.jpeg","datePublished":"2024-01-12T13:17:53+00:00","dateModified":"2024-09-17T19:36:49+00:00","breadcrumb":{"@id":"https:\/\/anut.org.br\/en\/antt-and-ministry-of-transportation-announce-increase-in-concessions-for-2024\/#breadcrumb"},"inLanguage":"en-US","potentialAction":[{"@type":"ReadAction","target":["https:\/\/anut.org.br\/en\/antt-and-ministry-of-transportation-announce-increase-in-concessions-for-2024\/"]}]},{"@type":"ImageObject","inLanguage":"en-US","@id":"https:\/\/anut.org.br\/en\/antt-and-ministry-of-transportation-announce-increase-in-concessions-for-2024\/#primaryimage","url":"https:\/\/www.gov.br\/antt\/pt-br\/assuntos\/ultimas-noticias\/antt-e-ministerio-dos-transportes-anunciam-aumento-de-concessoes-para-2024-1\/balanco-antt-min-transportes.jpg\/@@images\/d2d2b0de-c9f2-46ac-8665-1b056856550b.jpeg","contentUrl":"https:\/\/www.gov.br\/antt\/pt-br\/assuntos\/ultimas-noticias\/antt-e-ministerio-dos-transportes-anunciam-aumento-de-concessoes-para-2024-1\/balanco-antt-min-transportes.jpg\/@@images\/d2d2b0de-c9f2-46ac-8665-1b056856550b.jpeg"},{"@type":"BreadcrumbList","@id":"https:\/\/anut.org.br\/en\/antt-and-ministry-of-transportation-announce-increase-in-concessions-for-2024\/#breadcrumb","itemListElement":[{"@type":"ListItem","position":1,"name":"In\u00edcio","item":"https:\/\/anut.org.br\/en\/?page_id=63977"},{"@type":"ListItem","position":2,"name":"ANTT and Ministry of Transportation announce increase in concessions for 2024"}]},{"@type":"WebSite","@id":"https:\/\/anut.org.br\/en\/#website","url":"https:\/\/anut.org.br\/en\/","name":"ANUT","description":"Associa\u00e7\u00e3o Nacional dos Usu\u00e1rios do Transporte de Carga","publisher":{"@id":"https:\/\/anut.org.br\/en\/#organization"},"potentialAction":[{"@type":"SearchAction","target":{"@type":"EntryPoint","urlTemplate":"https:\/\/anut.org.br\/en\/?s={search_term_string}"},"query-input":{"@type":"PropertyValueSpecification","valueRequired":true,"valueName":"search_term_string"}}],"inLanguage":"en-US"},{"@type":"Organization","@id":"https:\/\/anut.org.br\/en\/#organization","name":"ANUT","url":"https:\/\/anut.org.br\/en\/","logo":{"@type":"ImageObject","inLanguage":"en-US","@id":"https:\/\/anut.org.br\/en\/#\/schema\/logo\/image\/","url":"https:\/\/anut.org.br\/wp-content\/uploads\/2022\/02\/cropped-Anut-Logotipo.png","contentUrl":"https:\/\/anut.org.br\/wp-content\/uploads\/2022\/02\/cropped-Anut-Logotipo.png","width":595,"height":184,"caption":"ANUT"},"image":{"@id":"https:\/\/anut.org.br\/en\/#\/schema\/logo\/image\/"}},{"@type":"Person","@id":"https:\/\/anut.org.br\/en\/#\/schema\/person\/75083ba47b86f4c664d0675895ec873e","name":"Christian","url":"https:\/\/anut.org.br\/en\/author\/christian\/"}]}},"_links":{"self":[{"href":"https:\/\/anut.org.br\/en\/wp-json\/wp\/v2\/posts\/64255","targetHints":{"allow":["GET"]}}],"collection":[{"href":"https:\/\/anut.org.br\/en\/wp-json\/wp\/v2\/posts"}],"about":[{"href":"https:\/\/anut.org.br\/en\/wp-json\/wp\/v2\/types\/post"}],"author":[{"embeddable":true,"href":"https:\/\/anut.org.br\/en\/wp-json\/wp\/v2\/users\/13"}],"replies":[{"embeddable":true,"href":"https:\/\/anut.org.br\/en\/wp-json\/wp\/v2\/comments?post=64255"}],"version-history":[{"count":2,"href":"https:\/\/anut.org.br\/en\/wp-json\/wp\/v2\/posts\/64255\/revisions"}],"predecessor-version":[{"id":64260,"href":"https:\/\/anut.org.br\/en\/wp-json\/wp\/v2\/posts\/64255\/revisions\/64260"}],"wp:attachment":[{"href":"https:\/\/anut.org.br\/en\/wp-json\/wp\/v2\/media?parent=64255"}],"wp:term":[{"taxonomy":"category","embeddable":true,"href":"https:\/\/anut.org.br\/en\/wp-json\/wp\/v2\/categories?post=64255"},{"taxonomy":"post_tag","embeddable":true,"href":"https:\/\/anut.org.br\/en\/wp-json\/wp\/v2\/tags?post=64255"}],"curies":[{"name":"wp","href":"https:\/\/api.w.org\/{rel}","templated":true}]}}