{"id":64109,"date":"2024-08-29T09:28:37","date_gmt":"2024-08-29T12:28:37","guid":{"rendered":"https:\/\/anut.org.br\/antt-and-mt-to-auction-br-381-mg-between-bh-and-governador-valadares-this-thursday-29-08\/"},"modified":"2024-09-18T17:00:35","modified_gmt":"2024-09-18T20:00:35","slug":"antt-and-mt-to-auction-br-381-mg-between-bh-and-governador-valadares-this-thursday-29-08","status":"publish","type":"post","link":"https:\/\/anut.org.br\/en\/antt-and-mt-to-auction-br-381-mg-between-bh-and-governador-valadares-this-thursday-29-08\/","title":{"rendered":"ANTT and MT to auction BR-381\/MG, between BH and Governador Valadares, this Thursday (29\/08)"},"content":{"rendered":"\n<p>Investments of R$9 billion will put an end to the nickname &#8220;highway of death&#8221;Share:<\/p>\n\n<p>\u00a0<\/p>\n\n<p><\/p>\n\n<p><\/p>\n\n<p>This Thursday (29\/8), the National Land Transport Agency (ANTT) and the Ministry of Transport (MT) will hold the auction for BR-318\/MG, the stretch linking Belo Horizonte to Governador Valadares, in Minas Gerais.\nThe bids will be opened at B3, in S\u00e3o Paulo, from 2pm, in the presence of Minister Renan Filho and the ANTT Board of Directors. <\/p>\n\n<h2 class=\"wp-block-heading\">The project<\/h2>\n\n<p>This is a 30-year concession for the highway system comprising BR-381\/MG, on the stretch beginning in Belo Horizonte\/MG, at the junction with BR-262\/MG (towards Sabar\u00e1) until the junction with BR-116\/MG (Governador Valadares\/MG), with a total length of 303.4 km.<\/p>\n\n<p>The purpose of the auction is to grant a public service concession, preceded by the execution of a public work, comprising the exploitation of the infrastructure and the provision of recovery, maintenance, conservation, operation, monitoring, implementation of improvements, maintenance of the level of service and expansion of the capacity of the BR-381\/MG highway system.  <\/p>\n\n<h2 class=\"wp-block-heading\"><\/h2>\n\n<h2 class=\"wp-block-heading\">Benefits<\/h2>\n\n<p>The highway will receive more than R$9 billion in investments (Capex and Opex).\nAmong the planned improvements are 134.27 kilometers of widening (27.3 km of remaining work and 106.44 km of new stretches), 83 kilometers of additional lanes, 51 route corrections, as well as escape areas, 1 Stop and Rest Point (PPD) for truck drivers and 23 footbridges for pedestrians to cross. <\/p>\n\n<p>All the municipalities that are part of this highway network will benefit from the project (directly and indirectly): Ant\u00f4nio Dias; Bar\u00e3o de Cocais; Bela Vista de Minas; Belo Horizonte; Belo Oriente; Bom Jesus do Amparo; Caet\u00e9; Coronel Fabriciano; Governador Valadares; Ipatinga; Jaguara\u00e7u; Jo\u00e3o Monlevade; Nova Uni\u00e3o; Naque; Nova Era; Periquito; Sabar\u00e1; Santa Luzia; Santana do Para\u00edso; S\u00e3o Gon\u00e7alo do Rio Abaixo; Tim\u00f3teo.<\/p>\n\n<p>In addition, the concession will offer a Frequent User Discount (DUF) and the option of automatic payment for drivers, through the use of TAGs.\nFrequent users are those who travel stretches of the highway several times a month, such as people who live and work in nearby towns. <\/p>\n\n<p>The concession project is expected to create 79,688 direct and indirect jobs and income.<\/p>\n\n<p>For the <strong>call for proposals<\/strong> and more information about the project, click <strong><a href=\"https:\/\/www.gov.br\/antt\/pt-br\/assuntos\/rodovias\/novos-projetos-em-rodovias\/br-381-mg\" target=\"_blank\" rel=\"noreferrer noopener\">here<\/a><\/strong>.<\/p>\n\n<p><strong>PRESS<\/strong><\/p>\n\n<p>Press professionals interested in covering the event should register by emailing <a href=\"http:\/\/imprensa@b3.com.br\/\" target=\"_blank\" rel=\"noreferrer noopener\">imprensa@b3.com.br.<\/a><\/p>\n\n<p>The auction can be followed live on <a href=\"https:\/\/www.youtube.com\/live\/lcDS8e-4CiM?feature=share\" target=\"_blank\" rel=\"noreferrer noopener\">ANTT&#8217;s YouTube channel<\/a>.<\/p>\n\n<p><strong>SERVICE<\/strong><\/p>\n\n<ul class=\"wp-block-list\">\n<li>What: Auction of BR-318\/MG (stretch between Belo Horizonte and Governador Valadares)<\/li>\n\n\n\n<li>When: Thursday (29\/8), at 2 p.m.<\/li>\n\n\n\n<li>Where: B3 &#8211; Rua Quinze de Novembro, 275 &#8211; Historic Center of S\u00e3o Paulo<\/li>\n<\/ul>\n\n<p>Source: ANTT<\/p>\n","protected":false},"excerpt":{"rendered":"<p>Investments of R$9 billion will put an end to the nickname &#8220;highway of death&#8221;Share: \u00a0 This Thursday (29\/8), the National Land Transport Agency (ANTT) and the Ministry of Transport (MT) will hold the auction for BR-318\/MG, the stretch linking Belo Horizonte to Governador Valadares, in Minas Gerais. The bids will be opened at B3, in [&hellip;]<\/p>\n","protected":false},"author":13,"featured_media":63588,"comment_status":"closed","ping_status":"closed","sticky":false,"template":"","format":"standard","meta":{"_acf_changed":false,"footnotes":""},"categories":[74,5],"tags":[],"class_list":["post-64109","post","type-post","status-publish","format-standard","has-post-thumbnail","hentry","category-advertising","category-nao-categorizado"],"acf":[],"yoast_head":"<!-- This site is optimized with the Yoast SEO plugin v27.4 - https:\/\/yoast.com\/product\/yoast-seo-wordpress\/ -->\n<title>ANTT and MT to auction BR-381\/MG, between BH and Governador Valadares, this Thursday (29\/08) - ANUT<\/title>\n<meta name=\"robots\" content=\"index, follow, max-snippet:-1, max-image-preview:large, max-video-preview:-1\" \/>\n<link rel=\"canonical\" href=\"https:\/\/anut.org.br\/en\/antt-and-mt-to-auction-br-381-mg-between-bh-and-governador-valadares-this-thursday-29-08\/\" \/>\n<meta property=\"og:locale\" content=\"en_US\" \/>\n<meta property=\"og:type\" content=\"article\" \/>\n<meta property=\"og:title\" content=\"ANTT and MT to auction BR-381\/MG, between BH and Governador Valadares, this Thursday (29\/08) - ANUT\" \/>\n<meta property=\"og:description\" content=\"Investments of R$9 billion will put an end to the nickname &#8220;highway of death&#8221;Share: \u00a0 This Thursday (29\/8), the National Land Transport Agency (ANTT) and the Ministry of Transport (MT) will hold the auction for BR-318\/MG, the stretch linking Belo Horizonte to Governador Valadares, in Minas Gerais. The bids will be opened at B3, in [&hellip;]\" \/>\n<meta property=\"og:url\" content=\"https:\/\/anut.org.br\/en\/antt-and-mt-to-auction-br-381-mg-between-bh-and-governador-valadares-this-thursday-29-08\/\" \/>\n<meta property=\"og:site_name\" content=\"ANUT\" \/>\n<meta property=\"article:published_time\" content=\"2024-08-29T12:28:37+00:00\" \/>\n<meta property=\"article:modified_time\" content=\"2024-09-18T20:00:35+00:00\" \/>\n<meta property=\"og:image\" content=\"https:\/\/anut.org.br\/wp-content\/uploads\/2024\/08\/381.jpeg\" \/>\n\t<meta property=\"og:image:width\" content=\"768\" \/>\n\t<meta property=\"og:image:height\" content=\"354\" \/>\n\t<meta property=\"og:image:type\" content=\"image\/jpeg\" \/>\n<meta name=\"author\" content=\"Christian\" \/>\n<meta name=\"twitter:card\" content=\"summary_large_image\" \/>\n<meta name=\"twitter:label1\" content=\"Written by\" \/>\n\t<meta name=\"twitter:data1\" content=\"Christian\" \/>\n\t<meta name=\"twitter:label2\" content=\"Est. reading time\" \/>\n\t<meta name=\"twitter:data2\" content=\"2 minutes\" \/>\n<script type=\"application\/ld+json\" class=\"yoast-schema-graph\">{\"@context\":\"https:\\\/\\\/schema.org\",\"@graph\":[{\"@type\":\"Article\",\"@id\":\"https:\\\/\\\/anut.org.br\\\/en\\\/antt-and-mt-to-auction-br-381-mg-between-bh-and-governador-valadares-this-thursday-29-08\\\/#article\",\"isPartOf\":{\"@id\":\"https:\\\/\\\/anut.org.br\\\/en\\\/antt-and-mt-to-auction-br-381-mg-between-bh-and-governador-valadares-this-thursday-29-08\\\/\"},\"author\":{\"name\":\"Christian\",\"@id\":\"https:\\\/\\\/anut.org.br\\\/en\\\/#\\\/schema\\\/person\\\/75083ba47b86f4c664d0675895ec873e\"},\"headline\":\"ANTT and MT to auction BR-381\\\/MG, between BH and Governador Valadares, this Thursday (29\\\/08)\",\"datePublished\":\"2024-08-29T12:28:37+00:00\",\"dateModified\":\"2024-09-18T20:00:35+00:00\",\"mainEntityOfPage\":{\"@id\":\"https:\\\/\\\/anut.org.br\\\/en\\\/antt-and-mt-to-auction-br-381-mg-between-bh-and-governador-valadares-this-thursday-29-08\\\/\"},\"wordCount\":448,\"publisher\":{\"@id\":\"https:\\\/\\\/anut.org.br\\\/en\\\/#organization\"},\"image\":{\"@id\":\"https:\\\/\\\/anut.org.br\\\/en\\\/antt-and-mt-to-auction-br-381-mg-between-bh-and-governador-valadares-this-thursday-29-08\\\/#primaryimage\"},\"thumbnailUrl\":\"https:\\\/\\\/anut.org.br\\\/wp-content\\\/uploads\\\/2024\\\/08\\\/381.jpeg\",\"articleSection\":[\"Advertising\",\"N\u00e3o categorizado\"],\"inLanguage\":\"en-US\"},{\"@type\":\"WebPage\",\"@id\":\"https:\\\/\\\/anut.org.br\\\/en\\\/antt-and-mt-to-auction-br-381-mg-between-bh-and-governador-valadares-this-thursday-29-08\\\/\",\"url\":\"https:\\\/\\\/anut.org.br\\\/en\\\/antt-and-mt-to-auction-br-381-mg-between-bh-and-governador-valadares-this-thursday-29-08\\\/\",\"name\":\"ANTT and MT to auction BR-381\\\/MG, between BH and Governador Valadares, this Thursday (29\\\/08) - ANUT\",\"isPartOf\":{\"@id\":\"https:\\\/\\\/anut.org.br\\\/en\\\/#website\"},\"primaryImageOfPage\":{\"@id\":\"https:\\\/\\\/anut.org.br\\\/en\\\/antt-and-mt-to-auction-br-381-mg-between-bh-and-governador-valadares-this-thursday-29-08\\\/#primaryimage\"},\"image\":{\"@id\":\"https:\\\/\\\/anut.org.br\\\/en\\\/antt-and-mt-to-auction-br-381-mg-between-bh-and-governador-valadares-this-thursday-29-08\\\/#primaryimage\"},\"thumbnailUrl\":\"https:\\\/\\\/anut.org.br\\\/wp-content\\\/uploads\\\/2024\\\/08\\\/381.jpeg\",\"datePublished\":\"2024-08-29T12:28:37+00:00\",\"dateModified\":\"2024-09-18T20:00:35+00:00\",\"breadcrumb\":{\"@id\":\"https:\\\/\\\/anut.org.br\\\/en\\\/antt-and-mt-to-auction-br-381-mg-between-bh-and-governador-valadares-this-thursday-29-08\\\/#breadcrumb\"},\"inLanguage\":\"en-US\",\"potentialAction\":[{\"@type\":\"ReadAction\",\"target\":[\"https:\\\/\\\/anut.org.br\\\/en\\\/antt-and-mt-to-auction-br-381-mg-between-bh-and-governador-valadares-this-thursday-29-08\\\/\"]}]},{\"@type\":\"ImageObject\",\"inLanguage\":\"en-US\",\"@id\":\"https:\\\/\\\/anut.org.br\\\/en\\\/antt-and-mt-to-auction-br-381-mg-between-bh-and-governador-valadares-this-thursday-29-08\\\/#primaryimage\",\"url\":\"https:\\\/\\\/anut.org.br\\\/wp-content\\\/uploads\\\/2024\\\/08\\\/381.jpeg\",\"contentUrl\":\"https:\\\/\\\/anut.org.br\\\/wp-content\\\/uploads\\\/2024\\\/08\\\/381.jpeg\",\"width\":768,\"height\":354},{\"@type\":\"BreadcrumbList\",\"@id\":\"https:\\\/\\\/anut.org.br\\\/en\\\/antt-and-mt-to-auction-br-381-mg-between-bh-and-governador-valadares-this-thursday-29-08\\\/#breadcrumb\",\"itemListElement\":[{\"@type\":\"ListItem\",\"position\":1,\"name\":\"In\u00edcio\",\"item\":\"https:\\\/\\\/anut.org.br\\\/en\\\/?page_id=63977\"},{\"@type\":\"ListItem\",\"position\":2,\"name\":\"ANTT and MT to auction BR-381\\\/MG, between BH and Governador Valadares, this Thursday (29\\\/08)\"}]},{\"@type\":\"WebSite\",\"@id\":\"https:\\\/\\\/anut.org.br\\\/en\\\/#website\",\"url\":\"https:\\\/\\\/anut.org.br\\\/en\\\/\",\"name\":\"ANUT\",\"description\":\"Associa\u00e7\u00e3o Nacional dos Usu\u00e1rios do Transporte de Carga\",\"publisher\":{\"@id\":\"https:\\\/\\\/anut.org.br\\\/en\\\/#organization\"},\"potentialAction\":[{\"@type\":\"SearchAction\",\"target\":{\"@type\":\"EntryPoint\",\"urlTemplate\":\"https:\\\/\\\/anut.org.br\\\/en\\\/?s={search_term_string}\"},\"query-input\":{\"@type\":\"PropertyValueSpecification\",\"valueRequired\":true,\"valueName\":\"search_term_string\"}}],\"inLanguage\":\"en-US\"},{\"@type\":\"Organization\",\"@id\":\"https:\\\/\\\/anut.org.br\\\/en\\\/#organization\",\"name\":\"ANUT\",\"url\":\"https:\\\/\\\/anut.org.br\\\/en\\\/\",\"logo\":{\"@type\":\"ImageObject\",\"inLanguage\":\"en-US\",\"@id\":\"https:\\\/\\\/anut.org.br\\\/en\\\/#\\\/schema\\\/logo\\\/image\\\/\",\"url\":\"https:\\\/\\\/anut.org.br\\\/wp-content\\\/uploads\\\/2022\\\/02\\\/cropped-Anut-Logotipo.png\",\"contentUrl\":\"https:\\\/\\\/anut.org.br\\\/wp-content\\\/uploads\\\/2022\\\/02\\\/cropped-Anut-Logotipo.png\",\"width\":595,\"height\":184,\"caption\":\"ANUT\"},\"image\":{\"@id\":\"https:\\\/\\\/anut.org.br\\\/en\\\/#\\\/schema\\\/logo\\\/image\\\/\"}},{\"@type\":\"Person\",\"@id\":\"https:\\\/\\\/anut.org.br\\\/en\\\/#\\\/schema\\\/person\\\/75083ba47b86f4c664d0675895ec873e\",\"name\":\"Christian\",\"url\":\"https:\\\/\\\/anut.org.br\\\/en\\\/author\\\/christian\\\/\"}]}<\/script>\n<!-- \/ Yoast SEO plugin. -->","yoast_head_json":{"title":"ANTT and MT to auction BR-381\/MG, between BH and Governador Valadares, this Thursday (29\/08) - ANUT","robots":{"index":"index","follow":"follow","max-snippet":"max-snippet:-1","max-image-preview":"max-image-preview:large","max-video-preview":"max-video-preview:-1"},"canonical":"https:\/\/anut.org.br\/en\/antt-and-mt-to-auction-br-381-mg-between-bh-and-governador-valadares-this-thursday-29-08\/","og_locale":"en_US","og_type":"article","og_title":"ANTT and MT to auction BR-381\/MG, between BH and Governador Valadares, this Thursday (29\/08) - ANUT","og_description":"Investments of R$9 billion will put an end to the nickname &#8220;highway of death&#8221;Share: \u00a0 This Thursday (29\/8), the National Land Transport Agency (ANTT) and the Ministry of Transport (MT) will hold the auction for BR-318\/MG, the stretch linking Belo Horizonte to Governador Valadares, in Minas Gerais. The bids will be opened at B3, in [&hellip;]","og_url":"https:\/\/anut.org.br\/en\/antt-and-mt-to-auction-br-381-mg-between-bh-and-governador-valadares-this-thursday-29-08\/","og_site_name":"ANUT","article_published_time":"2024-08-29T12:28:37+00:00","article_modified_time":"2024-09-18T20:00:35+00:00","og_image":[{"width":768,"height":354,"url":"https:\/\/anut.org.br\/wp-content\/uploads\/2024\/08\/381.jpeg","type":"image\/jpeg"}],"author":"Christian","twitter_card":"summary_large_image","twitter_misc":{"Written by":"Christian","Est. reading time":"2 minutes"},"schema":{"@context":"https:\/\/schema.org","@graph":[{"@type":"Article","@id":"https:\/\/anut.org.br\/en\/antt-and-mt-to-auction-br-381-mg-between-bh-and-governador-valadares-this-thursday-29-08\/#article","isPartOf":{"@id":"https:\/\/anut.org.br\/en\/antt-and-mt-to-auction-br-381-mg-between-bh-and-governador-valadares-this-thursday-29-08\/"},"author":{"name":"Christian","@id":"https:\/\/anut.org.br\/en\/#\/schema\/person\/75083ba47b86f4c664d0675895ec873e"},"headline":"ANTT and MT to auction BR-381\/MG, between BH and Governador Valadares, this Thursday (29\/08)","datePublished":"2024-08-29T12:28:37+00:00","dateModified":"2024-09-18T20:00:35+00:00","mainEntityOfPage":{"@id":"https:\/\/anut.org.br\/en\/antt-and-mt-to-auction-br-381-mg-between-bh-and-governador-valadares-this-thursday-29-08\/"},"wordCount":448,"publisher":{"@id":"https:\/\/anut.org.br\/en\/#organization"},"image":{"@id":"https:\/\/anut.org.br\/en\/antt-and-mt-to-auction-br-381-mg-between-bh-and-governador-valadares-this-thursday-29-08\/#primaryimage"},"thumbnailUrl":"https:\/\/anut.org.br\/wp-content\/uploads\/2024\/08\/381.jpeg","articleSection":["Advertising","N\u00e3o categorizado"],"inLanguage":"en-US"},{"@type":"WebPage","@id":"https:\/\/anut.org.br\/en\/antt-and-mt-to-auction-br-381-mg-between-bh-and-governador-valadares-this-thursday-29-08\/","url":"https:\/\/anut.org.br\/en\/antt-and-mt-to-auction-br-381-mg-between-bh-and-governador-valadares-this-thursday-29-08\/","name":"ANTT and MT to auction BR-381\/MG, between BH and Governador Valadares, this Thursday (29\/08) - ANUT","isPartOf":{"@id":"https:\/\/anut.org.br\/en\/#website"},"primaryImageOfPage":{"@id":"https:\/\/anut.org.br\/en\/antt-and-mt-to-auction-br-381-mg-between-bh-and-governador-valadares-this-thursday-29-08\/#primaryimage"},"image":{"@id":"https:\/\/anut.org.br\/en\/antt-and-mt-to-auction-br-381-mg-between-bh-and-governador-valadares-this-thursday-29-08\/#primaryimage"},"thumbnailUrl":"https:\/\/anut.org.br\/wp-content\/uploads\/2024\/08\/381.jpeg","datePublished":"2024-08-29T12:28:37+00:00","dateModified":"2024-09-18T20:00:35+00:00","breadcrumb":{"@id":"https:\/\/anut.org.br\/en\/antt-and-mt-to-auction-br-381-mg-between-bh-and-governador-valadares-this-thursday-29-08\/#breadcrumb"},"inLanguage":"en-US","potentialAction":[{"@type":"ReadAction","target":["https:\/\/anut.org.br\/en\/antt-and-mt-to-auction-br-381-mg-between-bh-and-governador-valadares-this-thursday-29-08\/"]}]},{"@type":"ImageObject","inLanguage":"en-US","@id":"https:\/\/anut.org.br\/en\/antt-and-mt-to-auction-br-381-mg-between-bh-and-governador-valadares-this-thursday-29-08\/#primaryimage","url":"https:\/\/anut.org.br\/wp-content\/uploads\/2024\/08\/381.jpeg","contentUrl":"https:\/\/anut.org.br\/wp-content\/uploads\/2024\/08\/381.jpeg","width":768,"height":354},{"@type":"BreadcrumbList","@id":"https:\/\/anut.org.br\/en\/antt-and-mt-to-auction-br-381-mg-between-bh-and-governador-valadares-this-thursday-29-08\/#breadcrumb","itemListElement":[{"@type":"ListItem","position":1,"name":"In\u00edcio","item":"https:\/\/anut.org.br\/en\/?page_id=63977"},{"@type":"ListItem","position":2,"name":"ANTT and MT to auction BR-381\/MG, between BH and Governador Valadares, this Thursday (29\/08)"}]},{"@type":"WebSite","@id":"https:\/\/anut.org.br\/en\/#website","url":"https:\/\/anut.org.br\/en\/","name":"ANUT","description":"Associa\u00e7\u00e3o Nacional dos Usu\u00e1rios do Transporte de Carga","publisher":{"@id":"https:\/\/anut.org.br\/en\/#organization"},"potentialAction":[{"@type":"SearchAction","target":{"@type":"EntryPoint","urlTemplate":"https:\/\/anut.org.br\/en\/?s={search_term_string}"},"query-input":{"@type":"PropertyValueSpecification","valueRequired":true,"valueName":"search_term_string"}}],"inLanguage":"en-US"},{"@type":"Organization","@id":"https:\/\/anut.org.br\/en\/#organization","name":"ANUT","url":"https:\/\/anut.org.br\/en\/","logo":{"@type":"ImageObject","inLanguage":"en-US","@id":"https:\/\/anut.org.br\/en\/#\/schema\/logo\/image\/","url":"https:\/\/anut.org.br\/wp-content\/uploads\/2022\/02\/cropped-Anut-Logotipo.png","contentUrl":"https:\/\/anut.org.br\/wp-content\/uploads\/2022\/02\/cropped-Anut-Logotipo.png","width":595,"height":184,"caption":"ANUT"},"image":{"@id":"https:\/\/anut.org.br\/en\/#\/schema\/logo\/image\/"}},{"@type":"Person","@id":"https:\/\/anut.org.br\/en\/#\/schema\/person\/75083ba47b86f4c664d0675895ec873e","name":"Christian","url":"https:\/\/anut.org.br\/en\/author\/christian\/"}]}},"_links":{"self":[{"href":"https:\/\/anut.org.br\/en\/wp-json\/wp\/v2\/posts\/64109","targetHints":{"allow":["GET"]}}],"collection":[{"href":"https:\/\/anut.org.br\/en\/wp-json\/wp\/v2\/posts"}],"about":[{"href":"https:\/\/anut.org.br\/en\/wp-json\/wp\/v2\/types\/post"}],"author":[{"embeddable":true,"href":"https:\/\/anut.org.br\/en\/wp-json\/wp\/v2\/users\/13"}],"replies":[{"embeddable":true,"href":"https:\/\/anut.org.br\/en\/wp-json\/wp\/v2\/comments?post=64109"}],"version-history":[{"count":2,"href":"https:\/\/anut.org.br\/en\/wp-json\/wp\/v2\/posts\/64109\/revisions"}],"predecessor-version":[{"id":64111,"href":"https:\/\/anut.org.br\/en\/wp-json\/wp\/v2\/posts\/64109\/revisions\/64111"}],"wp:featuredmedia":[{"embeddable":true,"href":"https:\/\/anut.org.br\/en\/wp-json\/wp\/v2\/media\/63588"}],"wp:attachment":[{"href":"https:\/\/anut.org.br\/en\/wp-json\/wp\/v2\/media?parent=64109"}],"wp:term":[{"taxonomy":"category","embeddable":true,"href":"https:\/\/anut.org.br\/en\/wp-json\/wp\/v2\/categories?post=64109"},{"taxonomy":"post_tag","embeddable":true,"href":"https:\/\/anut.org.br\/en\/wp-json\/wp\/v2\/tags?post=64109"}],"curies":[{"name":"wp","href":"https:\/\/api.w.org\/{rel}","templated":true}]}}