{"id":63699,"date":"2018-08-28T11:20:31","date_gmt":"2018-08-28T14:20:31","guid":{"rendered":"https:\/\/anut.org.br\/what-freight-users-advocate-for-logistics\/"},"modified":"2024-09-17T16:32:58","modified_gmt":"2024-09-17T19:32:58","slug":"what-freight-users-advocate-for-logistics","status":"publish","type":"post","link":"https:\/\/anut.org.br\/en\/what-freight-users-advocate-for-logistics\/","title":{"rendered":"What Freight Users Advocate for Logistics"},"content":{"rendered":"<p><a href=\"http:\/\/anut.org\/wp-content\/uploads\/2018\/08\/O-que-os-Usu%C3%A1rios-do-Transporte-de-Carga-defendem-para-a-Log%C3%ADst.pdf\"><a href=\"http:\/\/anut.org\/wp-content\/uploads\/2018\/08\/O-que-os-Usu%C3%A1rios-do-Transporte-de-Carga-defendem-para-a-Log%C3%ADst.pdf\">What Freight Users Advocate for Logistics<\/a><\/a><\/p>\n","protected":false},"excerpt":{"rendered":"<p>What Freight Users Advocate for Logistics<\/p>\n","protected":false},"author":6,"featured_media":0,"comment_status":"open","ping_status":"open","sticky":false,"template":"","format":"standard","meta":{"_acf_changed":false,"footnotes":""},"categories":[59],"tags":[],"class_list":["post-63699","post","type-post","status-publish","format-standard","hentry","category-anut-general"],"acf":[],"yoast_head":"<!-- This site is optimized with the Yoast SEO plugin v27.5 - https:\/\/yoast.com\/product\/yoast-seo-wordpress\/ -->\n<title>What Freight Users Advocate for Logistics - ANUT<\/title>\n<meta name=\"robots\" content=\"index, follow, max-snippet:-1, max-image-preview:large, max-video-preview:-1\" \/>\n<link rel=\"canonical\" href=\"https:\/\/anut.org.br\/en\/what-freight-users-advocate-for-logistics\/\" \/>\n<meta property=\"og:locale\" content=\"en_US\" \/>\n<meta property=\"og:type\" content=\"article\" \/>\n<meta property=\"og:title\" content=\"What Freight Users Advocate for Logistics - ANUT\" \/>\n<meta property=\"og:description\" content=\"What Freight Users Advocate for Logistics\" \/>\n<meta property=\"og:url\" content=\"https:\/\/anut.org.br\/en\/what-freight-users-advocate-for-logistics\/\" \/>\n<meta property=\"og:site_name\" content=\"ANUT\" \/>\n<meta property=\"article:published_time\" content=\"2018-08-28T14:20:31+00:00\" \/>\n<meta property=\"article:modified_time\" content=\"2024-09-17T19:32:58+00:00\" \/>\n<meta name=\"author\" content=\"administrador anut\" \/>\n<meta name=\"twitter:card\" content=\"summary_large_image\" \/>\n<meta name=\"twitter:label1\" content=\"Written by\" \/>\n\t<meta name=\"twitter:data1\" content=\"administrador anut\" \/>\n<script type=\"application\/ld+json\" class=\"yoast-schema-graph\">{\"@context\":\"https:\\\/\\\/schema.org\",\"@graph\":[{\"@type\":\"Article\",\"@id\":\"https:\\\/\\\/anut.org.br\\\/en\\\/what-freight-users-advocate-for-logistics\\\/#article\",\"isPartOf\":{\"@id\":\"https:\\\/\\\/anut.org.br\\\/en\\\/what-freight-users-advocate-for-logistics\\\/\"},\"author\":{\"name\":\"administrador anut\",\"@id\":\"https:\\\/\\\/anut.org.br\\\/en\\\/#\\\/schema\\\/person\\\/da1639ac925e701bc2937548d49ad349\"},\"headline\":\"What Freight Users Advocate for Logistics\",\"datePublished\":\"2018-08-28T14:20:31+00:00\",\"dateModified\":\"2024-09-17T19:32:58+00:00\",\"mainEntityOfPage\":{\"@id\":\"https:\\\/\\\/anut.org.br\\\/en\\\/what-freight-users-advocate-for-logistics\\\/\"},\"wordCount\":12,\"commentCount\":0,\"publisher\":{\"@id\":\"https:\\\/\\\/anut.org.br\\\/en\\\/#organization\"},\"articleSection\":[\"ANUT General\"],\"inLanguage\":\"en-US\",\"potentialAction\":[{\"@type\":\"CommentAction\",\"name\":\"Comment\",\"target\":[\"https:\\\/\\\/anut.org.br\\\/en\\\/what-freight-users-advocate-for-logistics\\\/#respond\"]}]},{\"@type\":\"WebPage\",\"@id\":\"https:\\\/\\\/anut.org.br\\\/en\\\/what-freight-users-advocate-for-logistics\\\/\",\"url\":\"https:\\\/\\\/anut.org.br\\\/en\\\/what-freight-users-advocate-for-logistics\\\/\",\"name\":\"What Freight Users Advocate for Logistics - ANUT\",\"isPartOf\":{\"@id\":\"https:\\\/\\\/anut.org.br\\\/en\\\/#website\"},\"datePublished\":\"2018-08-28T14:20:31+00:00\",\"dateModified\":\"2024-09-17T19:32:58+00:00\",\"breadcrumb\":{\"@id\":\"https:\\\/\\\/anut.org.br\\\/en\\\/what-freight-users-advocate-for-logistics\\\/#breadcrumb\"},\"inLanguage\":\"en-US\",\"potentialAction\":[{\"@type\":\"ReadAction\",\"target\":[\"https:\\\/\\\/anut.org.br\\\/en\\\/what-freight-users-advocate-for-logistics\\\/\"]}]},{\"@type\":\"BreadcrumbList\",\"@id\":\"https:\\\/\\\/anut.org.br\\\/en\\\/what-freight-users-advocate-for-logistics\\\/#breadcrumb\",\"itemListElement\":[{\"@type\":\"ListItem\",\"position\":1,\"name\":\"In\u00edcio\",\"item\":\"https:\\\/\\\/anut.org.br\\\/en\\\/?page_id=63977\"},{\"@type\":\"ListItem\",\"position\":2,\"name\":\"What Freight Users Advocate for Logistics\"}]},{\"@type\":\"WebSite\",\"@id\":\"https:\\\/\\\/anut.org.br\\\/en\\\/#website\",\"url\":\"https:\\\/\\\/anut.org.br\\\/en\\\/\",\"name\":\"ANUT\",\"description\":\"Associa\u00e7\u00e3o Nacional dos Usu\u00e1rios do Transporte de Carga\",\"publisher\":{\"@id\":\"https:\\\/\\\/anut.org.br\\\/en\\\/#organization\"},\"potentialAction\":[{\"@type\":\"SearchAction\",\"target\":{\"@type\":\"EntryPoint\",\"urlTemplate\":\"https:\\\/\\\/anut.org.br\\\/en\\\/?s={search_term_string}\"},\"query-input\":{\"@type\":\"PropertyValueSpecification\",\"valueRequired\":true,\"valueName\":\"search_term_string\"}}],\"inLanguage\":\"en-US\"},{\"@type\":\"Organization\",\"@id\":\"https:\\\/\\\/anut.org.br\\\/en\\\/#organization\",\"name\":\"ANUT\",\"url\":\"https:\\\/\\\/anut.org.br\\\/en\\\/\",\"logo\":{\"@type\":\"ImageObject\",\"inLanguage\":\"en-US\",\"@id\":\"https:\\\/\\\/anut.org.br\\\/en\\\/#\\\/schema\\\/logo\\\/image\\\/\",\"url\":\"https:\\\/\\\/anut.org.br\\\/wp-content\\\/uploads\\\/2022\\\/02\\\/cropped-Anut-Logotipo.png\",\"contentUrl\":\"https:\\\/\\\/anut.org.br\\\/wp-content\\\/uploads\\\/2022\\\/02\\\/cropped-Anut-Logotipo.png\",\"width\":595,\"height\":184,\"caption\":\"ANUT\"},\"image\":{\"@id\":\"https:\\\/\\\/anut.org.br\\\/en\\\/#\\\/schema\\\/logo\\\/image\\\/\"}},{\"@type\":\"Person\",\"@id\":\"https:\\\/\\\/anut.org.br\\\/en\\\/#\\\/schema\\\/person\\\/da1639ac925e701bc2937548d49ad349\",\"name\":\"administrador anut\",\"url\":\"https:\\\/\\\/anut.org.br\\\/en\\\/author\\\/administrador\\\/\"}]}<\/script>\n<!-- \/ Yoast SEO plugin. -->","yoast_head_json":{"title":"What Freight Users Advocate for Logistics - ANUT","robots":{"index":"index","follow":"follow","max-snippet":"max-snippet:-1","max-image-preview":"max-image-preview:large","max-video-preview":"max-video-preview:-1"},"canonical":"https:\/\/anut.org.br\/en\/what-freight-users-advocate-for-logistics\/","og_locale":"en_US","og_type":"article","og_title":"What Freight Users Advocate for Logistics - ANUT","og_description":"What Freight Users Advocate for Logistics","og_url":"https:\/\/anut.org.br\/en\/what-freight-users-advocate-for-logistics\/","og_site_name":"ANUT","article_published_time":"2018-08-28T14:20:31+00:00","article_modified_time":"2024-09-17T19:32:58+00:00","author":"administrador anut","twitter_card":"summary_large_image","twitter_misc":{"Written by":"administrador anut"},"schema":{"@context":"https:\/\/schema.org","@graph":[{"@type":"Article","@id":"https:\/\/anut.org.br\/en\/what-freight-users-advocate-for-logistics\/#article","isPartOf":{"@id":"https:\/\/anut.org.br\/en\/what-freight-users-advocate-for-logistics\/"},"author":{"name":"administrador anut","@id":"https:\/\/anut.org.br\/en\/#\/schema\/person\/da1639ac925e701bc2937548d49ad349"},"headline":"What Freight Users Advocate for Logistics","datePublished":"2018-08-28T14:20:31+00:00","dateModified":"2024-09-17T19:32:58+00:00","mainEntityOfPage":{"@id":"https:\/\/anut.org.br\/en\/what-freight-users-advocate-for-logistics\/"},"wordCount":12,"commentCount":0,"publisher":{"@id":"https:\/\/anut.org.br\/en\/#organization"},"articleSection":["ANUT General"],"inLanguage":"en-US","potentialAction":[{"@type":"CommentAction","name":"Comment","target":["https:\/\/anut.org.br\/en\/what-freight-users-advocate-for-logistics\/#respond"]}]},{"@type":"WebPage","@id":"https:\/\/anut.org.br\/en\/what-freight-users-advocate-for-logistics\/","url":"https:\/\/anut.org.br\/en\/what-freight-users-advocate-for-logistics\/","name":"What Freight Users Advocate for Logistics - ANUT","isPartOf":{"@id":"https:\/\/anut.org.br\/en\/#website"},"datePublished":"2018-08-28T14:20:31+00:00","dateModified":"2024-09-17T19:32:58+00:00","breadcrumb":{"@id":"https:\/\/anut.org.br\/en\/what-freight-users-advocate-for-logistics\/#breadcrumb"},"inLanguage":"en-US","potentialAction":[{"@type":"ReadAction","target":["https:\/\/anut.org.br\/en\/what-freight-users-advocate-for-logistics\/"]}]},{"@type":"BreadcrumbList","@id":"https:\/\/anut.org.br\/en\/what-freight-users-advocate-for-logistics\/#breadcrumb","itemListElement":[{"@type":"ListItem","position":1,"name":"In\u00edcio","item":"https:\/\/anut.org.br\/en\/?page_id=63977"},{"@type":"ListItem","position":2,"name":"What Freight Users Advocate for Logistics"}]},{"@type":"WebSite","@id":"https:\/\/anut.org.br\/en\/#website","url":"https:\/\/anut.org.br\/en\/","name":"ANUT","description":"Associa\u00e7\u00e3o Nacional dos Usu\u00e1rios do Transporte de Carga","publisher":{"@id":"https:\/\/anut.org.br\/en\/#organization"},"potentialAction":[{"@type":"SearchAction","target":{"@type":"EntryPoint","urlTemplate":"https:\/\/anut.org.br\/en\/?s={search_term_string}"},"query-input":{"@type":"PropertyValueSpecification","valueRequired":true,"valueName":"search_term_string"}}],"inLanguage":"en-US"},{"@type":"Organization","@id":"https:\/\/anut.org.br\/en\/#organization","name":"ANUT","url":"https:\/\/anut.org.br\/en\/","logo":{"@type":"ImageObject","inLanguage":"en-US","@id":"https:\/\/anut.org.br\/en\/#\/schema\/logo\/image\/","url":"https:\/\/anut.org.br\/wp-content\/uploads\/2022\/02\/cropped-Anut-Logotipo.png","contentUrl":"https:\/\/anut.org.br\/wp-content\/uploads\/2022\/02\/cropped-Anut-Logotipo.png","width":595,"height":184,"caption":"ANUT"},"image":{"@id":"https:\/\/anut.org.br\/en\/#\/schema\/logo\/image\/"}},{"@type":"Person","@id":"https:\/\/anut.org.br\/en\/#\/schema\/person\/da1639ac925e701bc2937548d49ad349","name":"administrador anut","url":"https:\/\/anut.org.br\/en\/author\/administrador\/"}]}},"_links":{"self":[{"href":"https:\/\/anut.org.br\/en\/wp-json\/wp\/v2\/posts\/63699","targetHints":{"allow":["GET"]}}],"collection":[{"href":"https:\/\/anut.org.br\/en\/wp-json\/wp\/v2\/posts"}],"about":[{"href":"https:\/\/anut.org.br\/en\/wp-json\/wp\/v2\/types\/post"}],"author":[{"embeddable":true,"href":"https:\/\/anut.org.br\/en\/wp-json\/wp\/v2\/users\/6"}],"replies":[{"embeddable":true,"href":"https:\/\/anut.org.br\/en\/wp-json\/wp\/v2\/comments?post=63699"}],"version-history":[{"count":1,"href":"https:\/\/anut.org.br\/en\/wp-json\/wp\/v2\/posts\/63699\/revisions"}],"predecessor-version":[{"id":63700,"href":"https:\/\/anut.org.br\/en\/wp-json\/wp\/v2\/posts\/63699\/revisions\/63700"}],"wp:attachment":[{"href":"https:\/\/anut.org.br\/en\/wp-json\/wp\/v2\/media?parent=63699"}],"wp:term":[{"taxonomy":"category","embeddable":true,"href":"https:\/\/anut.org.br\/en\/wp-json\/wp\/v2\/categories?post=63699"},{"taxonomy":"post_tag","embeddable":true,"href":"https:\/\/anut.org.br\/en\/wp-json\/wp\/v2\/tags?post=63699"}],"curies":[{"name":"wp","href":"https:\/\/api.w.org\/{rel}","templated":true}]}}